{"id":1374,"date":"2024-02-01T08:46:43","date_gmt":"2024-02-01T08:46:43","guid":{"rendered":"http:\/\/www.babicka-chantal.cz\/blog\/?p=1374"},"modified":"2024-02-01T08:47:19","modified_gmt":"2024-02-01T08:47:19","slug":"jak-slavi-francouzi-valentyna-den-la-saint-valentin","status":"publish","type":"post","link":"https:\/\/www.babicka-chantal.cz\/blog\/zajimavosti-o-francii\/jak-slavi-francouzi-valentyna-den-la-saint-valentin\/","title":{"rendered":"Jak slav\u00ed Francouzi Valent\u00fdna? Den La Saint-Valentin"},"content":{"rendered":"\n<div style=\"height:20px\" aria-hidden=\"true\" class=\"wp-block-spacer\"><\/div>\n\n\n\n<p>La Saint-Valentin, neboli svat\u00fd Valent\u00fdn, se stal komer\u010dn\u00ed oslavou roz\u0161\u00ed\u0159enou po cel\u00e9 z\u00e1padn\u00ed Evrop\u011b. Dnes je spojen p\u0159edev\u0161\u00edm s v\u00fdm\u011bnou p\u0159\u00e1n\u00ed a d\u00e1rk\u016f pro ty, kter\u00e9 milujeme.   <\/p>\n\n\n\n<h2 class=\"wp-block-heading\"><strong>Odkud tato tradice poch\u00e1z\u00ed? <\/strong><\/h2>\n\n\n\n<p>Existuje mnoho r\u016fzn\u00fdch odpov\u011bd\u00ed na tuto ot\u00e1zku, proto\u017ee p\u016fvod sv\u00e1tku svat\u00e9ho Valent\u00fdna z\u016fst\u00e1v\u00e1 n\u011b\u010d\u00edm z\u00e1hadn\u00fdm. <\/p>\n\n\n\n<p>Zat\u00edmco tato tradice za\u010dala jako k\u0159es\u0165ansk\u00fd liturgick\u00fd sv\u00e1tek oslavuj\u00edc\u00ed postupn\u011b r\u016fzn\u00e9 sv\u011btce jm\u00e9nem Valentinus, k t\u00e9to oslav\u011b 14. \u00fanora se p\u0159idaly m\u00fdty.  <br>Jedn\u00edm z nejpopul\u00e1rn\u011bj\u0161\u00edch vypr\u00e1v\u011bn\u00ed je p\u0159\u00edb\u011bh svat\u00e9ho Valent\u00fdna z \u0158\u00edma, kter\u00fd skon\u010dil ve v\u011bzen\u00ed za to, \u017ee prov\u00e1d\u011bl tajn\u00e9 svatby pro voj\u00e1ky, jim\u017e bylo zak\u00e1z\u00e1no se o\u017eenit. P\u0159ed svou popravou nechal sv\u00e9 l\u00e1sce, dce\u0159i \u017eal\u00e1\u0159n\u00edka, dopis podepsan\u00fd &#8222;V\u00e1\u0161 Valent\u00fdn&#8220;. T\u00edmto se za\u010dala formovat tradice, kterou zn\u00e1me dnes.<\/p>\n\n\n\n<h2 class=\"wp-block-heading\">Jak slav\u00ed Francouzi Valent\u00fdna?<\/h2>\n\n\n\n<p> Francouzi tradi\u010dn\u011b slavili Valent\u00fdna \u201eune loterie d&#8217;amour\u201c. Tento zvyk spo\u010d\u00edv\u00e1 v tom, \u017ee svobodn\u00ed lid\u00e9 st\u00e1li p\u0159ed domy a volali po dal\u0161\u00edch nezadan\u00fdch, dokud nena\u0161li svou sp\u0159\u00edzn\u011bnou du\u0161i. Pokud by mu\u017ee jeho nov\u00e1 n\u00e1padnice nijak zvl\u00e1\u0161\u0165 nep\u0159itahovala, opustil by ji. V\u0161echny svobodn\u00e9 \u017eeny, kter\u00e9 z\u016fstaly samy se pak shrom\u00e1\u017edily, aby rozd\u011blaly ohe\u0148 a sp\u00e1lily obrazy mu\u017e\u016f, kte\u0159\u00ed je opustili. Tento ob\u0159ad, i kdy\u017e byl pro z\u00fa\u010dastn\u011bn\u00e9 svobodn\u00e9 \u017eeny sp\u00ed\u0161e terapeutick\u00fd, se brzy vymkl kontrole a byl zak\u00e1z\u00e1n francouzskou vl\u00e1dou. <\/p>\n\n\n\n<p>Po tomto z\u00e1kazu, mnohem m\u00e9n\u011b dramatick\u00fdm zp\u016fsobem, Francouzi pos\u00edlali valent\u00fdnsk\u00e9 pozdravy. Prvn\u00ed zaznamenan\u00fd francouzsk\u00fd valent\u00fdnsk\u00fd pozdrav \u00fadajn\u011b poslal v\u00e9voda z Orleansu, kter\u00fd, uv\u011bzn\u011bn\u00fd v lond\u00fdnsk\u00e9m Toweru, pr\u00fd pos\u00edlal b\u00e1sn\u011b a milostn\u00e9 dopisy sv\u00e9 \u017een\u011b do Francie.<\/p>\n\n\n\n<figure class=\"wp-block-image\"><img loading=\"lazy\" decoding=\"async\" width=\"680\" height=\"320\" src=\"https:\/\/www.babicka-chantal.cz\/blog\/wp-content\/uploads\/2024\/01\/valentyn-2.jpg\" alt=\"\" class=\"wp-image-1394\" srcset=\"https:\/\/www.babicka-chantal.cz\/blog\/wp-content\/uploads\/2024\/01\/valentyn-2.jpg 680w, https:\/\/www.babicka-chantal.cz\/blog\/wp-content\/uploads\/2024\/01\/valentyn-2-300x141.jpg 300w, https:\/\/www.babicka-chantal.cz\/blog\/wp-content\/uploads\/2024\/01\/valentyn-2-200x94.jpg 200w\" sizes=\"auto, (max-width: 680px) 100vw, 680px\" \/><figcaption>svat\u00fd Valent\u00fdn<\/figcaption><\/figure>\n\n\n\n<h2 class=\"wp-block-heading\">Tradice<\/h2>\n\n\n\n<p>Sou\u010dasn\u00e9 valent\u00fdnsk\u00e9 tradice se zm\u011bnily a nyn\u00ed se to\u010d\u00ed kolem rozd\u00e1v\u00e1n\u00ed d\u00e1rk\u016f. Francouz\u0161t\u00ed kv\u011btin\u00e1\u0159i za tento den prodaj\u00ed tolik kv\u011btin, co obvykle prodaj\u00ed za t\u00fdden, p\u0159i\u010dem\u017e 80 procent jejich prodeje tvo\u0159\u00ed r\u016f\u017ee. <\/p>\n\n\n\n<p>Ve skute\u010dnosti existuje vesnice s n\u00e1zvem St Valentin v Indre, kter\u00e1 je pojmenov\u00e1na po samotn\u00e9m Svat\u00e9m Valent\u00fdnovi. Obec tak v tento milostn\u00fd den po\u0159\u00e1d\u00e1 mnoho akc\u00ed v\u011bnovan\u00fdch t\u00e9to oslav\u011b l\u00e1sky v\u010detn\u011b \u010detn\u00fdch obnoven\u00ed man\u017eelsk\u00fdch slib\u016f. Leto\u0161n\u00ed &#8218;le village des amoureux&#8216; host\u00ed pod\u00edvanou zahrnuj\u00edc\u00ed p\u0159ed\u00e1v\u00e1n\u00ed certifik\u00e1t\u016f zamilovan\u00fdm, ob\u011bd a koncert, grav\u00edrov\u00e1n\u00ed srdc\u00ed pro strom srdc\u00ed a prodej speci\u00e1ln\u00ed \u010dokol\u00e1dy a \u0161perk\u016f!<\/p>\n\n\n\n<p><strong>Douf\u00e1me, \u017ee si oslavu l\u00e1sky u\u017eijete! <\/strong><\/p>\n\n\n\n<p>Bu\u010fte ale opatrn\u00ed, francouzsk\u00e1 oslava Valent\u00fdna je pouze oslavou l\u00e1sky, nikoli p\u0159\u00e1telstv\u00ed. Francouzi obvykle v\u016fbec nepos\u00edlaj\u00ed pohlednice na La Saint-Valentin a nav\u00edc nepos\u00edlaj\u00ed valent\u00fdnsk\u00e9 d\u00e1rky sv\u00fdm p\u0159\u00e1tel\u016fm, pouze sv\u00fdm milenc\u016fm! <\/p>\n\n\n\n<div style=\"height:20px\" aria-hidden=\"true\" class=\"wp-block-spacer\"><\/div>\n\n\n\n<div style=\"height:100px\" aria-hidden=\"true\" class=\"wp-block-spacer\"><\/div>\n","protected":false},"excerpt":{"rendered":"<p>Jak slav\u00ed Francouzi Valent\u00fdna?<\/p>\n","protected":false},"author":1,"featured_media":1375,"comment_status":"closed","ping_status":"open","sticky":false,"template":"","format":"standard","meta":{"footnotes":""},"categories":[4],"tags":[],"class_list":["post-1374","post","type-post","status-publish","format-standard","has-post-thumbnail","hentry","category-zajimavosti-o-francii"],"aioseo_notices":[],"_links":{"self":[{"href":"https:\/\/www.babicka-chantal.cz\/blog\/wp-json\/wp\/v2\/posts\/1374","targetHints":{"allow":["GET"]}}],"collection":[{"href":"https:\/\/www.babicka-chantal.cz\/blog\/wp-json\/wp\/v2\/posts"}],"about":[{"href":"https:\/\/www.babicka-chantal.cz\/blog\/wp-json\/wp\/v2\/types\/post"}],"author":[{"embeddable":true,"href":"https:\/\/www.babicka-chantal.cz\/blog\/wp-json\/wp\/v2\/users\/1"}],"replies":[{"embeddable":true,"href":"https:\/\/www.babicka-chantal.cz\/blog\/wp-json\/wp\/v2\/comments?post=1374"}],"version-history":[{"count":4,"href":"https:\/\/www.babicka-chantal.cz\/blog\/wp-json\/wp\/v2\/posts\/1374\/revisions"}],"predecessor-version":[{"id":1397,"href":"https:\/\/www.babicka-chantal.cz\/blog\/wp-json\/wp\/v2\/posts\/1374\/revisions\/1397"}],"wp:featuredmedia":[{"embeddable":true,"href":"https:\/\/www.babicka-chantal.cz\/blog\/wp-json\/wp\/v2\/media\/1375"}],"wp:attachment":[{"href":"https:\/\/www.babicka-chantal.cz\/blog\/wp-json\/wp\/v2\/media?parent=1374"}],"wp:term":[{"taxonomy":"category","embeddable":true,"href":"https:\/\/www.babicka-chantal.cz\/blog\/wp-json\/wp\/v2\/categories?post=1374"},{"taxonomy":"post_tag","embeddable":true,"href":"https:\/\/www.babicka-chantal.cz\/blog\/wp-json\/wp\/v2\/tags?post=1374"}],"curies":[{"name":"wp","href":"https:\/\/api.w.org\/{rel}","templated":true}]}}