{"id":1402,"date":"2025-09-09T07:39:08","date_gmt":"2025-09-09T07:39:08","guid":{"rendered":"https:\/\/www.babicka-chantal.cz\/blog\/?p=1402"},"modified":"2025-09-09T09:11:55","modified_gmt":"2025-09-09T09:11:55","slug":"podzimni-chute-z-francie-co-nesmi-chybet-ve-vasi-spizi","status":"publish","type":"post","link":"https:\/\/www.babicka-chantal.cz\/blog\/rady-tipy-zajimavosti\/podzimni-chute-z-francie-co-nesmi-chybet-ve-vasi-spizi\/","title":{"rendered":"Podzimn\u00ed chut\u011b z Francie: co nesm\u00ed chyb\u011bt ve va\u0161\u00ed sp\u00ed\u017ei"},"content":{"rendered":"\n<p>Objevte podzimn\u00ed chut\u011b z Francie: ka\u0161tanov\u00fd kr\u00e9m, teriny, ho\u0159\u010dice a medy. <\/p>\n\n\n\n<p>P\u0159idejte francouzsk\u00fd n\u00e1dech do sv\u00e9 sp\u00ed\u017ee.<\/p>\n\n\n\n<p>Podzim v \u010cesku p\u0159in\u00e1\u0161\u00ed pomal\u00fd n\u00e1vrat v\u016fn\u00ed pe\u010den\u00fdch ka\u0161tan\u016f, hork\u00fdch n\u00e1poj\u016f a tepl\u00fdch ko\u0159en\u00ed. Tou\u017e\u00edte po francouzsk\u00e9 eleganci ve sv\u00e9 sp\u00ed\u017ei? P\u0159edstav\u00edme v\u00e1m \u010dty\u0159i v\u00fdjime\u010dn\u00e9 francouzsk\u00e9 ingredience \u2014 ka\u0161tanov\u00fd kr\u00e9m, teriny, ho\u0159\u010dice a medy \u2014 a uk\u00e1\u017eeme tajemstv\u00ed, jak je vyu\u017e\u00edt v podzimn\u00edm va\u0159en\u00ed. <\/p>\n\n\n\n<hr class=\"wp-block-separator has-alpha-channel-opacity\"\/>\n\n\n\n<h2 class=\"wp-block-heading\"><strong>1. Ka\u0161tanov\u00fd kr\u00e9m (<em>cr\u00e8me de marrons<\/em>, ka\u0161tanov\u00e1 pomaz\u00e1nka)<\/strong><\/h2>\n\n\n\n<p>Jemn\u00fd, sladk\u00fd, s karamelov\u00fdm n\u00e1dechem a p\u0159irozenou o\u0159\u00ed\u0161kovou chut\u00ed. Origin\u00e1l poch\u00e1z\u00ed z Francie a je vyroben jednodu\u0161e z pe\u010den\u00fdch sladk\u00fdch ka\u0161tan\u016f s vanilkov\u00fdm cukrem. Skv\u011ble se hod\u00ed na toast, do jogurtu nebo pala\u010dinek. Tato lah\u016fdka je ide\u00e1ln\u00ed tak\u00e9 pro dezert <strong>Mont Blanc<\/strong> (ka\u0161tanov\u00e1 pyramida se \u0161leha\u010dkou). Podle odborn\u00edk\u016f na francouzskou gastronomii je ka\u0161tanov\u00fd kr\u00e9m z\u00e1kladn\u00edm prvkem podzimn\u00ed kuchyn\u011b.<br><strong>K vyzkou\u0161en\u00ed a ochutn\u00e1n\u00ed:<\/strong> <em><a href=\"https:\/\/www.babicka-chantal.cz\/sladkosti-z-francie\/200-62-pravy-kastanovy-krem-z-francie.html#\/37-hmotnost-120g\" target=\"_blank\" rel=\"noopener\" title=\"Prav\u00fd ka\u0161tanov\u00fd kr\u00e9m 120g\">Prav\u00fd ka\u0161tanov\u00fd kr\u00e9m 120 g<\/a><\/em><\/p>\n\n\n<div class=\"wp-block-image\">\n<figure class=\"aligncenter size-full\"><img loading=\"lazy\" decoding=\"async\" width=\"680\" height=\"320\" src=\"https:\/\/www.babicka-chantal.cz\/blog\/wp-content\/uploads\/2025\/09\/kastanovykrem.jpg\" alt=\"ka\u0161tanov\u00fd kr\u00e9m\" class=\"wp-image-1411\" srcset=\"https:\/\/www.babicka-chantal.cz\/blog\/wp-content\/uploads\/2025\/09\/kastanovykrem.jpg 680w, https:\/\/www.babicka-chantal.cz\/blog\/wp-content\/uploads\/2025\/09\/kastanovykrem-300x141.jpg 300w, https:\/\/www.babicka-chantal.cz\/blog\/wp-content\/uploads\/2025\/09\/kastanovykrem-200x94.jpg 200w\" sizes=\"auto, (max-width: 680px) 100vw, 680px\" \/><figcaption class=\"wp-element-caption\">Ka\u0161tanov\u00fd kr\u00e9m<\/figcaption><\/figure>\n<\/div>\n\n\n<hr class=\"wp-block-separator has-alpha-channel-opacity\"\/>\n\n\n\n<h2 class=\"wp-block-heading\"><strong>2. Teriny (<em>terrines<\/em>, masov\u00e9 pa\u0161tiky)<\/strong><\/h2>\n\n\n\n\n\n<p><strong>Temn\u011bj\u0161\u00ed t\u00f3ny lesa:<\/strong> Fascinuje v\u00e1s kombinace v\u016fn\u00ed? Zkuste ozdobit zv\u011b\u0159inovou nebo <a href=\"https:\/\/www.babicka-chantal.cz\/pastiky-z-francie\/315-241-veprova-pastika-s-hribky-90g.html#\/32-hmotnost-90g_3_porce_sklo\" target=\"_blank\" rel=\"noopener\" title=\"vep\u0159ovou terinu lesn\u00edmi houbami\">vep\u0159ovou terinu lesn\u00edmi houbami,<\/a> \u0161alotkou, \u010desnekem nebo samoz\u0159ejm\u011b \u2013 ka\u0161tany. P\u0159esn\u011b takov\u00e1 receptura poch\u00e1z\u00ed z Alsaska.<\/p>\n\n\n\n<p><strong>Lah\u016fdky k ochutn\u00e1n\u00ed:<\/strong><\/p>\n\n\n\n<ul class=\"wp-block-list\">\n<li><em><a href=\"https:\/\/www.babicka-chantal.cz\/pastiky-z-francie\/39-53-kralici-terina-s-foie-gras.html#\/32-hmotnost-90g_3_porce_sklo\" target=\"_blank\" rel=\"noopener\" title=\"kr\u00e1li\u010d\u00ed terina s foie gras\">Kr\u00e1li\u010d\u00ed terina s foie gras<\/a> \u2013 <\/em>jemn\u00e1 a delik\u00e1tn\u00ed.<\/li>\n\n\n\n<li><em><a href=\"https:\/\/www.babicka-chantal.cz\/pastiky-z-francie\/360-275-veprova-pastika-s-cibuli.html#\/32-hmotnost-90g_3_porce_sklo\" target=\"_blank\" rel=\"noopener\" title=\"vep\u0159ov\u00e1 pa\u0161tika s cibul\u00ed\">Vep\u0159ov\u00e1 pa\u0161tika s cibul\u00ed<\/a> \u2013 <\/em>tradi\u010dn\u00ed receptura z Bretan\u011b.<\/li>\n\n\n\n<li><em><a href=\"https:\/\/www.babicka-chantal.cz\/pastiky-z-francie\/315-241-veprova-pastika-s-hribky-90g.html#\/32-hmotnost-90g_3_porce_sklo\" target=\"_blank\" rel=\"noopener\" title=\"vep\u0159ov\u00e1 pa\u0161tika s h\u0159\u00edbky\">Vep\u0159ov\u00e1 pa\u0161tika s h\u0159\u00edbky<\/a> \u2013 <\/em>ide\u00e1ln\u00ed pro podzimn\u00ed ve\u010dery.<\/li>\n<\/ul>\n\n\n<div class=\"wp-block-image\">\n<figure class=\"aligncenter size-full\"><img loading=\"lazy\" decoding=\"async\" width=\"680\" height=\"320\" src=\"https:\/\/www.babicka-chantal.cz\/blog\/wp-content\/uploads\/2025\/09\/teriny.jpg\" alt=\"Francouzsk\u00e1 terina\" class=\"wp-image-1413\" srcset=\"https:\/\/www.babicka-chantal.cz\/blog\/wp-content\/uploads\/2025\/09\/teriny.jpg 680w, https:\/\/www.babicka-chantal.cz\/blog\/wp-content\/uploads\/2025\/09\/teriny-300x141.jpg 300w, https:\/\/www.babicka-chantal.cz\/blog\/wp-content\/uploads\/2025\/09\/teriny-200x94.jpg 200w\" sizes=\"auto, (max-width: 680px) 100vw, 680px\" \/><figcaption class=\"wp-element-caption\">Francouzsk\u00e1 terina<\/figcaption><\/figure>\n<\/div>\n\n\n<hr class=\"wp-block-separator has-alpha-channel-opacity\"\/>\n\n\n\n<h2 class=\"wp-block-heading\"><strong>3. Prav\u00e1 Dijon ho\u0159\u010dice (<em>Dijon mustard<\/em>)<\/strong><\/h2>\n\n\n\n<p>Ostr\u00e1, aromatick\u00e1, nepostradateln\u00e1 ve francouzsk\u00e9 kuchyni. Skv\u011ble dochut\u00ed sal\u00e1tov\u00e9 dresinky, dipy, marin\u00e1dy i pa\u0161tiky.<br><strong>Recept na v\u00fdlet do Francie ve skleni\u010dce:<\/strong> <em><a href=\"https:\/\/www.babicka-chantal.cz\/francouzske-horcice-z-francie\/206-250-degustacni-francouzske-horcice.html#\/56-varianta-dijonska_tradicni_tri_pepre\" target=\"_blank\" rel=\"noopener\" title=\"Degusta\u010dn\u00ed set mini ho\u0159\u010dic\">Degusta\u010dn\u00ed set mini ho\u0159\u010dic<\/a><\/em>.<\/p>\n\n\n\n<hr class=\"wp-block-separator has-alpha-channel-opacity\"\/>\n\n\n\n<h2 class=\"wp-block-heading\"><strong>4. Medy \u2013 lesn\u00ed i z Provence<\/strong><\/h2>\n\n\n\n<p>Od sv\u011btl\u00fdch po tmav\u00e9 \u2014 francouzsk\u00e9 medy nab\u00edzej\u00ed \u0161irok\u00e9 spektrum chut\u00ed. Zejm\u00e9na <a href=\"https:\/\/www.babicka-chantal.cz\/medy-z-provence\/144-bio-kastanovy-med-z-francie-250g.html\" target=\"_blank\" rel=\"noopener\" title=\"ka\u0161tanov\u00fd med\">ka\u0161tanov\u00fd med<\/a> se vyzna\u010duje silnou v\u016fn\u00ed, d\u0159evitou chut\u00ed, kter\u00e1 kon\u010d\u00ed ur\u010ditou ho\u0159kost\u00ed v \u00fastech \u2014 skv\u011bl\u00fd na pe\u010divo, do marin\u00e1d nebo jako sladidlo do pol\u00e9vek \u010di sal\u00e1t\u016f.<br><strong>Tip:<\/strong> <em><a href=\"https:\/\/www.babicka-chantal.cz\/37-medy-z-provence\" target=\"_blank\" rel=\"noopener\" title=\"Medy z Provence\">Medy z Provence<\/a><\/em> p\u0159idaj\u00ed va\u0161im podzimn\u00edm pokrm\u016fm slune\u010dn\u00fd dotek.<\/p>\n\n\n<div class=\"wp-block-image\">\n<figure class=\"aligncenter size-full\"><img loading=\"lazy\" decoding=\"async\" width=\"680\" height=\"320\" src=\"https:\/\/www.babicka-chantal.cz\/blog\/wp-content\/uploads\/2025\/09\/kastanovymed.jpg\" alt=\"Ka\u0161tanov\u00fd med\" class=\"wp-image-1415\" srcset=\"https:\/\/www.babicka-chantal.cz\/blog\/wp-content\/uploads\/2025\/09\/kastanovymed.jpg 680w, https:\/\/www.babicka-chantal.cz\/blog\/wp-content\/uploads\/2025\/09\/kastanovymed-300x141.jpg 300w, https:\/\/www.babicka-chantal.cz\/blog\/wp-content\/uploads\/2025\/09\/kastanovymed-200x94.jpg 200w\" sizes=\"auto, (max-width: 680px) 100vw, 680px\" \/><figcaption class=\"wp-element-caption\">Ka\u0161tanov\u00fd med<\/figcaption><\/figure>\n<\/div>\n\n\n<hr class=\"wp-block-separator has-alpha-channel-opacity\"\/>\n\n\n\n<h2 class=\"wp-block-heading\"><strong>Z\u00e1v\u011brem<\/strong><\/h2>\n\n\n\n<p>P\u0159edstavte si ned\u011bln\u00ed brunch: \u010derstv\u00e9 pe\u010divo, miska <a href=\"https:\/\/www.babicka-chantal.cz\/sladkosti-z-francie\/200-62-pravy-kastanovy-krem-z-francie.html#\/37-hmotnost-120g\" target=\"_blank\" rel=\"noopener\" title=\"ka\u0161tanov\u00fd kr\u00e9m\">ka\u0161tanov\u00e9ho kr\u00e9mu<\/a>, dom\u00e1c\u00ed terina zalit\u00e1 kapkou ostr\u00e9 <a href=\"https:\/\/www.babicka-chantal.cz\/francouzske-horcice-z-francie\/345-dijonska-horcice-350g.html\" target=\"_blank\" rel=\"noopener\" title=\"Dijonsk\u00e1 ho\u0159\u010dice\">Dijonsk\u00e9 ho\u0159\u010dice<\/a> a sladk\u00e9 zakon\u010den\u00ed s ka\u0161tanov\u00fdm medem. <\/p>\n\n\n\n<p>\ud83c\udf42 Podzimn\u00ed v\u016fn\u011b a chu\u0165 Francie \u2014 u v\u00e1s doma.<\/p>\n\n\n\n<p><\/p>\n\n\n\n<p><\/p>\n","protected":false},"excerpt":{"rendered":"<p>Objevte podzimn\u00ed chut\u011b z Francie: ka\u0161tanov\u00fd kr\u00e9m, teriny, ho\u0159\u010dice a medy. P\u0159idejte francouzsk\u00fd n\u00e1dech do sv\u00e9 sp\u00ed\u017ee. Podzim v \u010cesku p\u0159in\u00e1\u0161\u00ed pomal\u00fd n\u00e1vrat v\u016fn\u00ed pe\u010den\u00fdch ka\u0161tan\u016f, hork\u00fdch n\u00e1poj\u016f a tepl\u00fdch&#8230;<\/p>\n","protected":false},"author":1,"featured_media":1409,"comment_status":"closed","ping_status":"open","sticky":false,"template":"","format":"standard","meta":{"footnotes":""},"categories":[2],"tags":[],"class_list":["post-1402","post","type-post","status-publish","format-standard","has-post-thumbnail","hentry","category-rady-tipy-zajimavosti"],"aioseo_notices":[],"_links":{"self":[{"href":"https:\/\/www.babicka-chantal.cz\/blog\/wp-json\/wp\/v2\/posts\/1402","targetHints":{"allow":["GET"]}}],"collection":[{"href":"https:\/\/www.babicka-chantal.cz\/blog\/wp-json\/wp\/v2\/posts"}],"about":[{"href":"https:\/\/www.babicka-chantal.cz\/blog\/wp-json\/wp\/v2\/types\/post"}],"author":[{"embeddable":true,"href":"https:\/\/www.babicka-chantal.cz\/blog\/wp-json\/wp\/v2\/users\/1"}],"replies":[{"embeddable":true,"href":"https:\/\/www.babicka-chantal.cz\/blog\/wp-json\/wp\/v2\/comments?post=1402"}],"version-history":[{"count":16,"href":"https:\/\/www.babicka-chantal.cz\/blog\/wp-json\/wp\/v2\/posts\/1402\/revisions"}],"predecessor-version":[{"id":1427,"href":"https:\/\/www.babicka-chantal.cz\/blog\/wp-json\/wp\/v2\/posts\/1402\/revisions\/1427"}],"wp:featuredmedia":[{"embeddable":true,"href":"https:\/\/www.babicka-chantal.cz\/blog\/wp-json\/wp\/v2\/media\/1409"}],"wp:attachment":[{"href":"https:\/\/www.babicka-chantal.cz\/blog\/wp-json\/wp\/v2\/media?parent=1402"}],"wp:term":[{"taxonomy":"category","embeddable":true,"href":"https:\/\/www.babicka-chantal.cz\/blog\/wp-json\/wp\/v2\/categories?post=1402"},{"taxonomy":"post_tag","embeddable":true,"href":"https:\/\/www.babicka-chantal.cz\/blog\/wp-json\/wp\/v2\/tags?post=1402"}],"curies":[{"name":"wp","href":"https:\/\/api.w.org\/{rel}","templated":true}]}}