{"id":673,"date":"2021-02-08T12:32:31","date_gmt":"2021-02-08T12:32:31","guid":{"rendered":"https:\/\/www.babicka-chantal.cz\/blog\/?p=673"},"modified":"2021-02-26T17:25:13","modified_gmt":"2021-02-26T17:25:13","slug":"aromaplantes-prirodni-kosmetika","status":"publish","type":"post","link":"https:\/\/www.babicka-chantal.cz\/blog\/zajimavosti-o-francii\/aromaplantes-prirodni-kosmetika\/","title":{"rendered":"Ar\u00f4ma&#8217;plantes, rodinn\u00e1 firma s bio p\u0159\u00edrodn\u00ed kosmetikou z Provence"},"content":{"rendered":"\n<div style=\"height:20px\" aria-hidden=\"true\" class=\"wp-block-spacer\"><\/div>\n\n\n\n<p style=\"text-align:center\"><em><strong>Ze Zem\u011b\u2026 P\u0159\u00edmo k v\u00e1m\u2026 <\/strong><\/em><\/p>\n\n\n\n<p>V srdci francouzsk\u00e9 Provence, na svaz\u00edch Mont Ventoux, kde vl\u00e1dne levandule, co by kamenem dohodil od Avignonu, rodina Liardet\u016f p\u011bstuje a destiluje od roku 1978 v\u00edce ne\u017e t\u0159icet aromatick\u00fdch a l\u00e9\u010div\u00fdch rostlin v bio kvalit\u011b.<\/p>\n\n\n\n<p>Ka\u017ed\u00fd z jejich v\u00fdrobk\u016f p\u0159edstavuje mnohem v\u00edc ne\u017e jen rostlinu, esenci\u00e1ln\u00ed olej nebo kv\u011btinovou vodu. Je to nejen vysok\u00e1 odbornost, ale i \u00facta k zemi a p\u0159\u00edrod\u011b. A tyto hodnoty si p\u0159ed\u00e1v\u00e1 ji\u017e p\u00e1t\u00e1 generace!<\/p>\n\n\n\n<p>Guillaume Liardet navrhl jednoduchou a \u00fa\u010dinnou kosmetickou \u0159adu tak, jako sama p\u0159\u00edroda, \u201cv\u00fdhradn\u011b z n\u00e1mi vyp\u011bstovan\u00fdch rostlin, na\u0161\u00ed v\u00fdroby a zna\u010dky AROMA\u2019PLANTES\u201d. <\/p>\n\n\n\n<div class=\"wp-block-image\"><figure class=\"aligncenter\"><img loading=\"lazy\" decoding=\"async\" width=\"680\" height=\"320\" src=\"https:\/\/www.babicka-chantal.cz\/blog\/wp-content\/uploads\/2021\/02\/aromaplantes-1.jpg\" alt=\"\" class=\"wp-image-677\" srcset=\"https:\/\/www.babicka-chantal.cz\/blog\/wp-content\/uploads\/2021\/02\/aromaplantes-1.jpg 680w, https:\/\/www.babicka-chantal.cz\/blog\/wp-content\/uploads\/2021\/02\/aromaplantes-1-300x141.jpg 300w, https:\/\/www.babicka-chantal.cz\/blog\/wp-content\/uploads\/2021\/02\/aromaplantes-1-200x94.jpg 200w\" sizes=\"auto, (max-width: 680px) 100vw, 680px\" \/><figcaption>Pozemky v Provence a lihovar<\/figcaption><\/figure><\/div>\n\n\n\n<p style=\"text-align:center\"><em><strong>Organick\u00e9 produkty\u2026 slow produkty\u2026 Dobr\u00e9 produkty pro v\u00e1s!<\/strong><\/em><\/p>\n\n\n\n<p>N\u00e1\u0161e moto: Nab\u00edzet v\u00e1m jednoduch\u00e9, p\u0159\u00edrodn\u00ed a efektivn\u00ed produkty.<\/p>\n\n\n\n<p>Najdete zde kompletn\u00ed \u0159adu 100% produkt\u016f Aroma&#8217;plantes, samoz\u0159ejm\u011b v\u010detn\u011b \u0159ady Levandule.<\/p>\n\n\n\n<h2 class=\"wp-block-heading\">M\u00fddl\u00e1rna<\/h2>\n\n\n\n<div class=\"wp-block-image\"><figure class=\"aligncenter\"><img loading=\"lazy\" decoding=\"async\" width=\"680\" height=\"320\" src=\"https:\/\/www.babicka-chantal.cz\/blog\/wp-content\/uploads\/2021\/02\/m\u00fddl\u00e1rna-aromaplantes.jpg\" alt=\"\" class=\"wp-image-690\" srcset=\"https:\/\/www.babicka-chantal.cz\/blog\/wp-content\/uploads\/2021\/02\/m\u00fddl\u00e1rna-aromaplantes.jpg 680w, https:\/\/www.babicka-chantal.cz\/blog\/wp-content\/uploads\/2021\/02\/m\u00fddl\u00e1rna-aromaplantes-300x141.jpg 300w, https:\/\/www.babicka-chantal.cz\/blog\/wp-content\/uploads\/2021\/02\/m\u00fddl\u00e1rna-aromaplantes-200x94.jpg 200w\" sizes=\"auto, (max-width: 680px) 100vw, 680px\" \/><figcaption>M\u00fddl\u00e1rna<\/figcaption><\/figure><\/div>\n\n\n\n<p> \u201eZa\u010dali jsme vytvo\u0159en\u00edm na\u0161\u00ed \u0159ady tuh\u00fdch a tekut\u00fdch m\u00fddel, na z\u00e1klad\u011b ji\u017e d\u00e1vno zn\u00e1m\u00e9ho procesu zm\u00fddeln\u011bn\u00ed za studena, kter\u00fd respektuje suroviny a zachov\u00e1v\u00e1 v\u0161echny vlastnosti p\u0159\u00edrodn\u00edch slo\u017eek.\u201c<\/p>\n\n\n\n<p>D\u00edky t\u00e9to metod\u011b se m\u00fddlov\u00e1 hmota nemus\u00ed zah\u0159\u00edvat, a tak z\u016fstanou v rostlinn\u00fdch olej\u00edch v\u0161echny cenn\u00e9 slo\u017eky \u2013 mastn\u00e9 kyseliny, vitam\u00edny, antioxidanty a dal\u0161\u00ed. M\u00fddlo obsahuje p\u0159irozen\u011b tak\u00e9 glycerin. M\u00fddlo poko\u017eku nejen myje, ale z\u00e1rove\u0148 o\u0161et\u0159uje a to je jedna z velk\u00fdch v\u00fdhod.<\/p>\n\n\n\n<p>Dop\u0159ejte sv\u00e9mu t\u011blu a poko\u017ece jemnou a opravdovou p\u0159\u00edrodn\u00ed p\u00e9\u010di !<\/p>\n\n\n\n<p><strong>\u00dasp\u011bch na\u0161ich m\u00fddel dal podn\u011bt k roz\u0161\u00ed\u0159en\u00ed na\u0161\u00ed nab\u00eddky o dal\u0161\u00ed kosmetick\u00e9 v\u00fdrobky. Proto v roce 2012 zah\u00e1jili&nbsp;provoz sv\u00e9 laborato\u0159e a destilerie.<\/strong><\/p>\n\n\n\n<p>V\u0161echna bio m\u00fddla m\u016f\u017eete koupit v <a href=\"https:\/\/www.babicka-chantal.cz\/9-kosmetika-z-provence\"><strong>obch\u016fdku Babi\u010dky Chantal<\/strong><\/a><\/p>\n\n\n\n<h2 class=\"wp-block-heading\">P\u0159\u00edrodn\u00ed kosmetika<\/h2>\n\n\n\n<div class=\"wp-block-image\"><figure class=\"aligncenter\"><img loading=\"lazy\" decoding=\"async\" width=\"680\" height=\"320\" src=\"https:\/\/www.babicka-chantal.cz\/blog\/wp-content\/uploads\/2021\/02\/kosmetika-bio-z-provence.jpg\" alt=\"\" class=\"wp-image-692\" srcset=\"https:\/\/www.babicka-chantal.cz\/blog\/wp-content\/uploads\/2021\/02\/kosmetika-bio-z-provence.jpg 680w, https:\/\/www.babicka-chantal.cz\/blog\/wp-content\/uploads\/2021\/02\/kosmetika-bio-z-provence-300x141.jpg 300w, https:\/\/www.babicka-chantal.cz\/blog\/wp-content\/uploads\/2021\/02\/kosmetika-bio-z-provence-200x94.jpg 200w\" sizes=\"auto, (max-width: 680px) 100vw, 680px\" \/><figcaption>Guillaume Liardet<\/figcaption><\/figure><\/div>\n\n\n\n<p>Nyn\u00ed je to ji\u017e 5 generac\u00ed, kdy s n\u00e1mi rodina Liardet\u016f sd\u00edlela svou v\u00e1\u0161e\u0148 pro l\u00e9\u010div\u00e9 a aromatick\u00e9 rostliny.<\/p>\n\n\n\n<p>Od roku 2012 se pustila do v\u00fdroby organick\u00fdch kosmetick\u00fdch p\u0159\u00edpravk\u016f vytvo\u0159en\u00edm sv\u00e9 laborato\u0159e.<\/p>\n\n\n\n<p>Spole\u010dnost Guillaume Liardet navrhla jednoduchou a efektivn\u00ed kosmetickou \u0159adu bez rafinovanosti, p\u0159esn\u011b tak, jak to nab\u00edz\u00ed p\u0159\u00edroda. \u0158\u00edk\u00e1: \u201ep\u0159\u00edroda to zjednodu\u0161uje, poj\u010fme to jednodu\u0161e pou\u017e\u00edt\u201c.<\/p>\n\n\n\n<p>Prioritou je v\u00fdb\u011br surovin a p\u0159\u00edsad, pokud mo\u017eno co nejm\u00e9n\u011b zpracovan\u00fdch.<\/p>\n\n\n\n<p>Cht\u011bli jsme vytvo\u0159it velmi jednoduch\u00e9 produkty s n\u011bkolika p\u0159\u00edsadami, abychom pln\u011b vyu\u017eili vlastnosti rostlin.<\/p>\n\n\n\n<p>V t\u00e9to kategorii najdete v\u0161echny na\u0161e ekologick\u00e9 vedlej\u0161\u00ed produkty vytvo\u0159en\u00e9 a vyroben\u00e9 spole\u010dnost\u00ed Aroma&#8217;plantes: kr\u00e9my, o\u0161et\u0159en\u00ed Duo, rostlinn\u00e9 oleje, kol\u00ednsk\u00e1 voda, Mac\u00e9rats, \u2026<\/p>\n\n\n\n<p>Bio kosmetiku m\u016f\u017eete koupit v <a href=\"https:\/\/www.babicka-chantal.cz\/9-kosmetika-z-provence\"><strong>obch\u016fdku Babi\u010dky Chantal<\/strong><\/a><\/p>\n\n\n\n<h2 class=\"wp-block-heading\">Aromaterapie<\/h2>\n\n\n\n<p>V t\u00e9to \u010d\u00e1sti obchodu v\u00e1m Ar\u00f4ma&#8217;plantes nab\u00edz\u00ed podstatu sv\u00e9ho know-how. M\u00e1te tedy na v\u00fdb\u011br mezi \u00e9terick\u00fdmi oleji, kv\u011btinov\u00fdmi vodami (nebo hydrosoly) a alkoholem.<\/p>\n\n\n\n<p>M\u00e1te k dispozici \u0161irokou \u0161k\u00e1lu produkt\u016f, kter\u00e9 spln\u00ed va\u0161e o\u010dek\u00e1v\u00e1n\u00ed.<\/p>\n\n\n\n<h2 class=\"wp-block-heading\">V\u0161e m\u016f\u017eete poznat v obch\u016fdku babi\u010dky Chantal<\/h2>\n\n\n\n<figure class=\"wp-block-image\"><a href=\"https:\/\/www.babicka-chantal.cz\/9-kosmetika-z-provence\"><img loading=\"lazy\" decoding=\"async\" width=\"800\" height=\"800\" src=\"https:\/\/www.babicka-chantal.cz\/blog\/wp-content\/uploads\/2021\/02\/kosmetika-z-provence-du.jpg\" alt=\"Bio kosmetika z Provence\" class=\"wp-image-678\" srcset=\"https:\/\/www.babicka-chantal.cz\/blog\/wp-content\/uploads\/2021\/02\/kosmetika-z-provence-du.jpg 800w, https:\/\/www.babicka-chantal.cz\/blog\/wp-content\/uploads\/2021\/02\/kosmetika-z-provence-du-150x150.jpg 150w, https:\/\/www.babicka-chantal.cz\/blog\/wp-content\/uploads\/2021\/02\/kosmetika-z-provence-du-300x300.jpg 300w, https:\/\/www.babicka-chantal.cz\/blog\/wp-content\/uploads\/2021\/02\/kosmetika-z-provence-du-768x768.jpg 768w, https:\/\/www.babicka-chantal.cz\/blog\/wp-content\/uploads\/2021\/02\/kosmetika-z-provence-du-450x450.jpg 450w, https:\/\/www.babicka-chantal.cz\/blog\/wp-content\/uploads\/2021\/02\/kosmetika-z-provence-du-120x120.jpg 120w, https:\/\/www.babicka-chantal.cz\/blog\/wp-content\/uploads\/2021\/02\/kosmetika-z-provence-du-600x600.jpg 600w, https:\/\/www.babicka-chantal.cz\/blog\/wp-content\/uploads\/2021\/02\/kosmetika-z-provence-du-500x500.jpg 500w\" sizes=\"auto, (max-width: 800px) 100vw, 800px\" \/><\/a><\/figure>\n","protected":false},"excerpt":{"rendered":"<p>Ze Zem\u011b\u2026 P\u0159\u00edmo k v\u00e1m\u2026 V srdci francouzsk\u00e9 Provence, na svaz\u00edch Mont Ventoux, kde vl\u00e1dne levandule, co by kamenem dohodil od Avignonu, rodina Liardet\u016f p\u011bstuje a destiluje od roku 1978&#8230;<\/p>\n","protected":false},"author":1,"featured_media":675,"comment_status":"closed","ping_status":"open","sticky":false,"template":"","format":"standard","meta":{"footnotes":""},"categories":[4],"tags":[],"class_list":["post-673","post","type-post","status-publish","format-standard","has-post-thumbnail","hentry","category-zajimavosti-o-francii"],"aioseo_notices":[],"_links":{"self":[{"href":"https:\/\/www.babicka-chantal.cz\/blog\/wp-json\/wp\/v2\/posts\/673","targetHints":{"allow":["GET"]}}],"collection":[{"href":"https:\/\/www.babicka-chantal.cz\/blog\/wp-json\/wp\/v2\/posts"}],"about":[{"href":"https:\/\/www.babicka-chantal.cz\/blog\/wp-json\/wp\/v2\/types\/post"}],"author":[{"embeddable":true,"href":"https:\/\/www.babicka-chantal.cz\/blog\/wp-json\/wp\/v2\/users\/1"}],"replies":[{"embeddable":true,"href":"https:\/\/www.babicka-chantal.cz\/blog\/wp-json\/wp\/v2\/comments?post=673"}],"version-history":[{"count":11,"href":"https:\/\/www.babicka-chantal.cz\/blog\/wp-json\/wp\/v2\/posts\/673\/revisions"}],"predecessor-version":[{"id":695,"href":"https:\/\/www.babicka-chantal.cz\/blog\/wp-json\/wp\/v2\/posts\/673\/revisions\/695"}],"wp:featuredmedia":[{"embeddable":true,"href":"https:\/\/www.babicka-chantal.cz\/blog\/wp-json\/wp\/v2\/media\/675"}],"wp:attachment":[{"href":"https:\/\/www.babicka-chantal.cz\/blog\/wp-json\/wp\/v2\/media?parent=673"}],"wp:term":[{"taxonomy":"category","embeddable":true,"href":"https:\/\/www.babicka-chantal.cz\/blog\/wp-json\/wp\/v2\/categories?post=673"},{"taxonomy":"post_tag","embeddable":true,"href":"https:\/\/www.babicka-chantal.cz\/blog\/wp-json\/wp\/v2\/tags?post=673"}],"curies":[{"name":"wp","href":"https:\/\/api.w.org\/{rel}","templated":true}]}}