{"id":734,"date":"2021-02-26T14:22:41","date_gmt":"2021-02-26T14:22:41","guid":{"rendered":"https:\/\/www.babicka-chantal.cz\/blog\/?p=734"},"modified":"2021-08-20T12:31:05","modified_gmt":"2021-08-20T12:31:05","slug":"francouzske-darkove-kose","status":"publish","type":"post","link":"https:\/\/www.babicka-chantal.cz\/blog\/rady-tipy-zajimavosti\/francouzske-darkove-kose\/","title":{"rendered":"Francouzsk\u00e9 d\u00e1rkov\u00e9 ko\u0161e: Tip na d\u00e1rek z Francie"},"content":{"rendered":"\n<div style=\"height:20px\" aria-hidden=\"true\" class=\"wp-block-spacer\"><\/div>\n\n\n\n<p>Pro pot\u011b\u0161en\u00ed sv\u00fdch bl\u00edzk\u00fdch po cel\u00fd rok a p\u0159i v\u0161ech p\u0159\u00edle\u017eitostech v\u00e1m babi\u010dka Chantal nab\u00edz\u00ed velk\u00fd v\u00fdb\u011br n\u00e1pad\u016f na d\u00e1rky a francouzsk\u00e9 d\u00e1rkov\u00e9 ko\u0161e, kter\u00e9 pot\u011b\u0161\u00ed v\u0161echny milovn\u00edky Francie, kvalitn\u00edho j\u00eddla a kosmetiky! Tradi\u010dn\u00ed produkty, kvalitn\u00ed speciality p\u0159\u00edmo z farmy, p\u0159\u00edrodn\u00ed bio kosmetika, dekorativn\u00ed p\u0159edm\u011bty, sladkosti, v\u00edno\u2026 N\u011bco, co pot\u011b\u0161\u00ed ty, kter\u00e9 m\u00e1te r\u00e1di!<\/p>\n\n\n\n<h2 class=\"wp-block-heading\">Francouzsk\u00e9 d\u00e1rkov\u00e9 ko\u0161e pro gurm\u00e1ny<\/h2>\n\n\n\n<p>Hled\u00e1te chutn\u00e9 speciality z Francie? Pro\u010d se rozhodnout pro degusta\u010dn\u00ed bal\u00ed\u010dek s foie gras? Tato francouzsk\u00e1 lah\u016fdka poch\u00e1z\u00ed z jihoz\u00e1padu Francie a je ide\u00e1ln\u00ed p\u0159edkrm p\u0159i ka\u017ed\u00e9 p\u0159\u00edle\u017eitosti. Degustuje se hlavn\u011b o v\u00e1no\u010dn\u00edch sv\u00e1tc\u00edch. V\u00edce o foie gras si m\u016f\u017eete p\u0159e\u010d\u00edst <a href=\"https:\/\/www.babicka-chantal.cz\/blog\/zajimavosti-o-francii\/foie-gras\/\">zde<\/a>. M\u016f\u017eete se tak\u00e9 rozhodnout pro degusta\u010dn\u00ed teriny nebo medy p\u0159\u00edmo od rodinn\u00e9ho v\u010dela\u0159e, kter\u00fd se specializuje na med z levandule a ka\u0161tan\u016f. Pokud va\u0161i bl\u00edzc\u00ed miluj\u00ed sladkosti, budou nad\u0161eni ze slan\u00e9ho karamelu nebo karamelek od v\u00fdrobce Caramels d&#8217;Isigny p\u0159\u00edmo z Normandie!<\/p>\n\n\n\n<div class=\"wp-block-image\"><figure class=\"aligncenter\"><img loading=\"lazy\" decoding=\"async\" width=\"456\" height=\"417\" src=\"https:\/\/www.babicka-chantal.cz\/blog\/wp-content\/uploads\/2020\/05\/toast-foie-gras.jpg\" alt=\"Foie gras z francie\" class=\"wp-image-26\" srcset=\"https:\/\/www.babicka-chantal.cz\/blog\/wp-content\/uploads\/2020\/05\/toast-foie-gras.jpg 456w, https:\/\/www.babicka-chantal.cz\/blog\/wp-content\/uploads\/2020\/05\/toast-foie-gras-300x274.jpg 300w\" sizes=\"auto, (max-width: 456px) 100vw, 456px\" \/><figcaption>Foie gras z Francie<\/figcaption><\/figure><\/div>\n\n\n\n<p>Francie je pln\u00e1 dobr\u00fdch m\u00edstn\u00edch produkt\u016f, d\u00edky nim\u017e budete m\u00edt vynikaj\u00edc\u00ed n\u00e1pady na d\u00e1rky. Jej\u00ed gastronomie je zn\u00e1m\u00e1 po cel\u00e9m sv\u011bt\u011b! Chcete-li pomoci sv\u00fdm bl\u00edzk\u00fdm objevit poklady Francie, nab\u00eddn\u011bte jim nougat z Montelimar, mo\u0159sk\u00e9 nebo kachn\u00ed speciality: ocen\u00ed to!<\/p>\n\n\n\n<div class=\"wp-block-image\"><figure class=\"aligncenter\"><img loading=\"lazy\" decoding=\"async\" width=\"680\" height=\"320\" src=\"https:\/\/www.babicka-chantal.cz\/blog\/wp-content\/uploads\/2021\/01\/slan\u00fd-kramel.jpg\" alt=\"slan\u00fd karamel z Normandie\" class=\"wp-image-660\" srcset=\"https:\/\/www.babicka-chantal.cz\/blog\/wp-content\/uploads\/2021\/01\/slan\u00fd-kramel.jpg 680w, https:\/\/www.babicka-chantal.cz\/blog\/wp-content\/uploads\/2021\/01\/slan\u00fd-kramel-300x141.jpg 300w, https:\/\/www.babicka-chantal.cz\/blog\/wp-content\/uploads\/2021\/01\/slan\u00fd-kramel-200x94.jpg 200w\" sizes=\"auto, (max-width: 680px) 100vw, 680px\" \/><figcaption>Slan\u00fd karamelky z Normandie, Francie<\/figcaption><\/figure><\/div>\n\n\n\n<p>V\u00fdb\u011br francouzsk\u00fdch delikates babi\u010dky Chantal naleznete v obch\u016fdku <a href=\"https:\/\/www.babicka-chantal.cz\/6-francouzske-delikatesy\">zde.<\/a><\/p>\n\n\n\n<h2 class=\"wp-block-heading\">Francouzsk\u00e9 d\u00e1rkov\u00e9 ko\u0161e z Provence: p\u0159\u00edrodn\u00ed bio kosmetika <\/h2>\n\n\n\n<p>Chcete-li sv\u00fdm p\u0159\u00e1tel\u016fm nebo rodin\u011b ud\u011blat radost, dejte jim n\u011bco, \u010d\u00edm si dop\u0159ejete chvilku uvoln\u011bn\u00ed! Babi\u010dka Chantal v\u00e1m nab\u00edz\u00ed vynikaj\u00edc\u00ed n\u00e1pady na d\u00e1rky pro kr\u00e1su. Objevte nap\u0159\u00edklad p\u0159\u00edrodn\u00ed bio kosmetiku z <a href=\"https:\/\/www.babicka-chantal.cz\/blog\/zajimavosti-o-francii\/aromaplantes-rodinna-firma-s-bio-prirodni-kosmetikou-z-provence\/\"><strong>rodinn\u00e9 farmy<\/strong><\/a> z Provence. Ka\u017ed\u00fd z jejich v\u00fdrobk\u016f p\u0159edstavuje mnohem v\u00edc ne\u017e jen rostlinu, esenci\u00e1ln\u00ed olej nebo kv\u011btinovou vodu. Je to nejen vysok\u00e1 odbornost, ale i \u00facta k zemi a p\u0159\u00edrod\u011b. A tyto hodnoty si p\u0159ed\u00e1v\u00e1 ji\u017e p\u00e1t\u00e1 generace!  Levandulov\u00e1 m\u00fddla, kv\u011btinov\u00e9 vody, p\u0159\u00edrodn\u00ed deodoranty a kr\u00e9my ale tak\u00e9 oleje pro aromaterapii, a mnoho dal\u0161\u00edho. <\/p>\n\n\n\n<p>Celou nab\u00eddku p\u0159\u00edrodn\u00ed kosmetiky z Provence najdete <a href=\"https:\/\/www.babicka-chantal.cz\/9-kosmetika-z-provence\">zde<\/a><\/p>\n\n\n\n<figure class=\"wp-block-image\"><img loading=\"lazy\" decoding=\"async\" width=\"1024\" height=\"533\" src=\"https:\/\/www.babicka-chantal.cz\/blog\/wp-content\/uploads\/2020\/10\/prirodni-kosmetika-1024x533.png\" alt=\"P\u0159\u00edrodn\u00ed bio kosmetika z Provence\" class=\"wp-image-521\" srcset=\"https:\/\/www.babicka-chantal.cz\/blog\/wp-content\/uploads\/2020\/10\/prirodni-kosmetika.png 1024w, https:\/\/www.babicka-chantal.cz\/blog\/wp-content\/uploads\/2020\/10\/prirodni-kosmetika-300x156.png 300w, https:\/\/www.babicka-chantal.cz\/blog\/wp-content\/uploads\/2020\/10\/prirodni-kosmetika-768x400.png 768w, https:\/\/www.babicka-chantal.cz\/blog\/wp-content\/uploads\/2020\/10\/prirodni-kosmetika-200x104.png 200w, https:\/\/www.babicka-chantal.cz\/blog\/wp-content\/uploads\/2020\/10\/prirodni-kosmetika-900x468.png 900w, https:\/\/www.babicka-chantal.cz\/blog\/wp-content\/uploads\/2020\/10\/prirodni-kosmetika-715x372.png 715w\" sizes=\"auto, (max-width: 1024px) 100vw, 1024px\" \/><figcaption>P\u0159\u00edrodn\u00ed bio kosmetika z Provence<\/figcaption><\/figure>\n\n\n\n<p>Pokud si p\u0159ejete, m\u016f\u017eete sv\u00fdm p\u0159\u00e1tel\u016fm kter\u00fd maj\u00ed miminko nab\u00eddnout tak\u00e9 skv\u011bl\u00ed p\u0159\u00edrodn\u00ed bio \u0161ampon pro miminka. Neexistuje \u017e\u00e1dn\u00fd nedostatek n\u00e1pad\u016f!<\/p>\n\n\n\n<h2 class=\"wp-block-heading\">Francouzsk\u00e9 d\u00e1rkov\u00e9 bal\u00ed\u010dky<\/h2>\n\n\n\n<p>Vr\u00e1tili jste se z pobytu z Francie a zapomn\u011bli jste koupit p\u011bkn\u00fd suven\u00fdr pro sv\u00e9 bl\u00edzk\u00e9? \u017d\u00e1dn\u00fd probl\u00e9m: u babi\u010dky Chantal najdete velk\u00fd v\u00fdb\u011br origin\u00e1ln\u00edch n\u00e1pad\u016f na d\u00e1rky a francouzsk\u00fdch d\u00e1rkov\u00fdch ko\u0161\u016f! <\/p>\n\n\n\n<p style=\"text-align:center\" class=\"has-large-font-size\"><a href=\"https:\/\/www.babicka-chantal.cz\/3-francouzske-darkove-kose\">Vyberte si zde! <\/a><\/p>\n\n\n\n<figure class=\"wp-block-image\"><img loading=\"lazy\" decoding=\"async\" width=\"887\" height=\"180\" src=\"https:\/\/www.babicka-chantal.cz\/blog\/wp-content\/uploads\/2021\/02\/francouzske-darkove-kose.jpg\" alt=\"Francouzsk\u00e9 d\u00e1rkov\u00e9 ko\u0161e\" class=\"wp-image-742\" srcset=\"https:\/\/www.babicka-chantal.cz\/blog\/wp-content\/uploads\/2021\/02\/francouzske-darkove-kose.jpg 887w, https:\/\/www.babicka-chantal.cz\/blog\/wp-content\/uploads\/2021\/02\/francouzske-darkove-kose-300x61.jpg 300w, https:\/\/www.babicka-chantal.cz\/blog\/wp-content\/uploads\/2021\/02\/francouzske-darkove-kose-768x156.jpg 768w, https:\/\/www.babicka-chantal.cz\/blog\/wp-content\/uploads\/2021\/02\/francouzske-darkove-kose-200x41.jpg 200w, https:\/\/www.babicka-chantal.cz\/blog\/wp-content\/uploads\/2021\/02\/francouzske-darkove-kose-715x145.jpg 715w\" sizes=\"auto, (max-width: 887px) 100vw, 887px\" \/><figcaption>Francouzsk\u00e9 d\u00e1rkov\u00e9 ko\u0161e<\/figcaption><\/figure>\n","protected":false},"excerpt":{"rendered":"<p>Pro pot\u011b\u0161en\u00ed sv\u00fdch bl\u00edzk\u00fdch po cel\u00fd rok a p\u0159i v\u0161ech p\u0159\u00edle\u017eitostech v\u00e1m babi\u010dka Chantal nab\u00edz\u00ed velk\u00fd v\u00fdb\u011br n\u00e1pad\u016f na d\u00e1rky a francouzsk\u00e9 d\u00e1rkov\u00e9 ko\u0161e, kter\u00e9 pot\u011b\u0161\u00ed v\u0161echny milovn\u00edky Francie, kvalitn\u00edho&#8230;<\/p>\n","protected":false},"author":1,"featured_media":745,"comment_status":"closed","ping_status":"open","sticky":false,"template":"","format":"standard","meta":{"footnotes":""},"categories":[2],"tags":[],"class_list":["post-734","post","type-post","status-publish","format-standard","has-post-thumbnail","hentry","category-rady-tipy-zajimavosti"],"aioseo_notices":[],"_links":{"self":[{"href":"https:\/\/www.babicka-chantal.cz\/blog\/wp-json\/wp\/v2\/posts\/734","targetHints":{"allow":["GET"]}}],"collection":[{"href":"https:\/\/www.babicka-chantal.cz\/blog\/wp-json\/wp\/v2\/posts"}],"about":[{"href":"https:\/\/www.babicka-chantal.cz\/blog\/wp-json\/wp\/v2\/types\/post"}],"author":[{"embeddable":true,"href":"https:\/\/www.babicka-chantal.cz\/blog\/wp-json\/wp\/v2\/users\/1"}],"replies":[{"embeddable":true,"href":"https:\/\/www.babicka-chantal.cz\/blog\/wp-json\/wp\/v2\/comments?post=734"}],"version-history":[{"count":11,"href":"https:\/\/www.babicka-chantal.cz\/blog\/wp-json\/wp\/v2\/posts\/734\/revisions"}],"predecessor-version":[{"id":1145,"href":"https:\/\/www.babicka-chantal.cz\/blog\/wp-json\/wp\/v2\/posts\/734\/revisions\/1145"}],"wp:featuredmedia":[{"embeddable":true,"href":"https:\/\/www.babicka-chantal.cz\/blog\/wp-json\/wp\/v2\/media\/745"}],"wp:attachment":[{"href":"https:\/\/www.babicka-chantal.cz\/blog\/wp-json\/wp\/v2\/media?parent=734"}],"wp:term":[{"taxonomy":"category","embeddable":true,"href":"https:\/\/www.babicka-chantal.cz\/blog\/wp-json\/wp\/v2\/categories?post=734"},{"taxonomy":"post_tag","embeddable":true,"href":"https:\/\/www.babicka-chantal.cz\/blog\/wp-json\/wp\/v2\/tags?post=734"}],"curies":[{"name":"wp","href":"https:\/\/api.w.org\/{rel}","templated":true}]}}